{"id":5928,"date":"2023-09-25T08:48:07","date_gmt":"2023-09-25T08:48:07","guid":{"rendered":"https:\/\/insankaynaklarizirvesi.com\/yetenek-savaslarinin-kazanani-kim-olacak\/"},"modified":"2023-09-25T08:48:07","modified_gmt":"2023-09-25T08:48:07","slug":"yetenek-savaslarinin-kazanani-kim-olacak","status":"publish","type":"post","link":"https:\/\/insankaynaklarizirvesi.com\/en\/yetenek-savaslarinin-kazanani-kim-olacak\/","title":{"rendered":"Yetenek Sava\u015flar\u0131n\u0131n Kazanan\u0131 Kim Olacak?"},"content":{"rendered":"<p>\u0130\u015f d\u00fcnyas\u0131ndaki yeni rekabetin ad\u0131 yetenek sava\u015flar\u0131. Peki, bu m\u00fckemmellik aray\u0131\u015f\u0131nda en iyi yetenekleri kim kazanacak?<\/p>\n<p>Teknoloji geli\u015ftik\u00e7e d\u00fcnya de\u011fi\u015fiyor. De\u011fi\u015fen d\u00fcnyaya ayak uydurmak i\u00e7in ise yeniliklere a\u00e7\u0131k olmam\u0131z gerekiyor. Her ge\u00e7en g\u00fcn d\u00f6n\u00fc\u015fen ve yerine bir yenisi eklenen i\u015f dinamiklerine uyum sa\u011flarken onunla birlikte de\u011fi\u015fmek gerekiyor. Sadece kurumsal ihtiya\u00e7lar da de\u011fil, \u00e7al\u0131\u015fanlar\u0131n istek ve beklentileri de s\u00fcrekli farkl\u0131la\u015f\u0131yor.<\/p>\n<p>Yetkinlik ve bu yetkinliklerin verimli kullan\u0131m\u0131 dijital d\u00f6n\u00fc\u015f\u00fcm \u00e7a\u011f\u0131nda olduk\u00e7a \u00f6nemli. Ayakta kalmak ve ilerlemek i\u00e7in ba\u015far\u0131n\u0131n ger\u00e7ek silah\u0131n\u0131n \u00e7al\u0131\u015fanlar, yani yetenekler oldu\u011funu kabul etmek gerekiyor. Zafere giden yolun anahtar\u0131 da tam olarak bu! \u0130nsan odakl\u0131 yeni nesil liderlik anlay\u0131\u015f\u0131 ve bu anlay\u0131\u015f\u0131n teknoloji tabanl\u0131 sistemler ile desteklenmesi sava\u015f\u0131 kazanman\u0131n form\u00fcl\u00fc.<\/p>\n<p>Avantajl\u0131 bir kazan-kazan durumu olan yetenek y\u00f6netimi kurumlar\u0131n hedefe ula\u015fmas\u0131n\u0131 sa\u011flarken \u00e7al\u0131\u015fan mutlulu\u011funu da \u00f6nemsiyor. Fakat yetenekleri bulmak ve onlar\u0131 en iyi konuma yerle\u015ftirmek uzmanl\u0131k gerektiriyor. Kestirme bir yol de\u011fil, detayl\u0131 bir s\u00fcre\u00e7 olan yetenek y\u00f6netimi ayn\u0131 zamanda karma\u015fas\u0131 i\u00e7erisinde kolayca kaybolabilece\u011finiz bir yola girmek gibi. Bu nedenle yetenek y\u00f6netimini teknolojik altyap\u0131 ile desteklemek olduk\u00e7a verimli bir y\u00f6ntem.<\/p>\n<h4>Hedefe Ula\u015fman\u0131n Anahtar\u0131<\/h4>\n<p>Hedefe do\u011fru ilerlerken \u00f6nemli olan bo\u015f koltu\u011fu doldurmak de\u011fil, o koltu\u011fa en uygun aday\u0131 bulmak.<\/p>\n<p>En uygun yetene\u011fi bulmak, kendisini g\u00f6sterebilece\u011fi pozisyona yerle\u015ftirmek ve s\u00fcrekli geli\u015fmesini sa\u011flamak olduk\u00e7a \u00f6nemli. \u00c7al\u0131\u015fanlar\u0131n yeteneklerini do\u011fru alanda kullanmak ve bunu yaparken bo\u015fa k\u00fcrek \u00e7ekmemek i\u00e7in ise dijital d\u00f6n\u00fc\u015f\u00fcm olduk\u00e7a gerekli. Yeni d\u00fcnyada hedefe ula\u015fman\u0131n ve ba\u015far\u0131y\u0131 kal\u0131c\u0131 hale getirmenin yolu elbette dijital d\u00f6n\u00fc\u015f\u00fcme uyum sa\u011flamaktan ve onunla birlikte geli\u015fmekten ge\u00e7iyor.<\/p>\n<p>K\u0131sacas\u0131 i\u015fin p\u00fcf noktas\u0131 yetene\u011fi do\u011fru y\u00f6netmek. Gartner\u2019\u0131n raporu \u00e7al\u0131\u015fan hedefleri ve kurumsal \u00f6nceliklerin uyumunun \u00f6nemini bize g\u00f6steriyor. Bu ikisi aras\u0131ndaki uyum do\u011fru ve g\u00fcncel bir y\u00f6netim anlay\u0131\u015f\u0131yla birlikte sadece rekabette \u00f6ne ge\u00e7meyi de\u011fil, sava\u015f\u0131 kazanmay\u0131 da garantiliyor. \u00c7al\u0131\u015fanlar\u0131n motivasyonu kendi istek, yetenek ve hedeflerinin kurumlar\u0131 taraf\u0131ndan desteklendi\u011fini g\u00f6rd\u00fck\u00e7e art\u0131yor.<\/p>\n<p><a href=\"https:\/\/twiser.com\/tr\/urunler\/performans-yonetimi\/?utm_source=mct&amp;utm_medium=blog&amp;utm_campaign=performans_2023\" target=\"_blank\" rel=\"noopener\">\u00c7al\u0131\u015fan performans\u0131<\/a> farkl\u0131 de\u011fi\u015fkenlere ba\u011fl\u0131 olarak art\u0131p azalabilir. Mutlu bir \u00e7al\u0131\u015fan i\u00e7inde yer ald\u0131\u011f\u0131 ortam\u0131n verimlili\u011fini de olumlu y\u00f6nde etkiler. Yetenek y\u00f6netiminin etkin bir \u015fekilde kullan\u0131labildi\u011fi bir ortamda \u00e7al\u0131\u015fan, ihtiya\u00e7lar\u0131 kar\u015f\u0131lanan, \u00e7al\u0131\u015fma arkada\u015flar\u0131 ile koordine olabilen ve sorumluluk alan \u00e7al\u0131\u015fanlar\u0131n performanslar\u0131nda %22\u2019ye varan bir art\u0131\u015f oldu\u011funu da Gartner\u2019\u0131n raporunda g\u00f6rebiliyoruz. Buradan da \u015fu sonucu \u00e7\u0131karabiliyoruz: Dijital veri setlerinden yararlanan yetenek y\u00f6netimini benimsemek \u00e7al\u0131\u015fan performans\u0131n\u0131 maksimuma \u00e7\u0131karman\u0131n ve hedefe ula\u015fman\u0131n en \u00f6nemli de\u011fi\u015fkeni haline \u00e7oktan geldi.<\/p>\n<h4>Yetenek Y\u00f6netiminde Dijital D\u00f6n\u00fc\u015f\u00fcm 2024\u2019te de \u00d6nemli<\/h4>\n<p>Bilimkurgu kitaplar\u0131 ile hayat\u0131m\u0131za giren ve filmlerle daha da geni\u015f kitleler taraf\u0131ndan tan\u0131nan yapay zeka art\u0131k hem \u00f6zel hem de profesyonel hayat\u0131m\u0131z\u0131n bir par\u00e7as\u0131 haline geldi. Bu teknolojinin olumlu ve olumsuz etkileri \u00fczerine olan tart\u0131\u015fmalar hala devam etse de do\u011fru kullan\u0131ld\u0131\u011f\u0131nda hayat\u0131m\u0131z\u0131 kolayla\u015ft\u0131rd\u0131\u011f\u0131 bir ger\u00e7ek.<\/p>\n<p>\u0130\u015f d\u00fcnyas\u0131nda dijital d\u00f6n\u00fc\u015f\u00fcm yeni bir geli\u015fme olmasa da daha etkili \u015fekilde hayata ge\u00e7irmek i\u00e7in yapay zekay\u0131 bu alanda verimli bir \u015fekilde kullanmak ve konuya b\u00fct\u00fcnc\u00fcl, yenilik\u00e7i, modern bir perspektif ile bakmak gerekiyor. S\u00f6z konusu yetenek y\u00f6netimi oldu\u011funda da yapay zeka verimli bir \u015fekilde kulland\u0131\u011f\u0131m\u0131z y\u00f6ntemlerden birisi. <a href=\"https:\/\/twiser.com\/tr\/urunler\/okrler-icin-yapay-zeka\/?utm_source=mct&amp;utm_medium=blog&amp;utm_campaign=ai_asistan_2023\" target=\"_blank\" rel=\"noopener\">Yapay zeka asistan<\/a>lar sayesinde hem \u015firket hem de y\u00f6netici hedefleri do\u011frultusunda her bir \u00e7al\u0131\u015fana \u00f6zel <a href=\"https:\/\/twiser.com\/tr\/urunler\/okr-hedefler\/?utm_source=mct&amp;utm_medium=blog&amp;utm_campaign=2023\" target=\"_blank\" rel=\"noopener\">OKR<\/a>\u2019ler \u00f6nerebiliyoruz.<\/p>\n<p>Bir \u015firkette \u00e7al\u0131\u015fan herkesin hedefini fark\u0131nda olmas\u0131, o hedefi benimsemesi ve t\u00fcm ekibin birbiri ile uyumlu olmas\u0131 \u015firketin ba\u015far\u0131l\u0131 olmas\u0131n\u0131 sa\u011fl\u0131yor. Yap\u0131lan ara\u015ft\u0131rmalara g\u00f6re \u00e7al\u0131\u015fanlar\u0131n %82\u2019si i\u00e7in \u00f6nemli olan \u015fey de\u011ferli hissetmek. Bu noktada \u00e7al\u0131\u015fan refah\u0131na \u00f6ncelik verilmesi ve kariyer geli\u015fimlerinin desteklenmesi \u015firkete olan ba\u011fl\u0131l\u0131\u011f\u0131 ve verilen de\u011feri art\u0131r\u0131yor. \u00c7al\u0131\u015fan taraf\u0131ndan kuruma verilen de\u011fer ileriye d\u00f6n\u00fck uzun vadeli hedeflerde ba\u015far\u0131ya ula\u015fmak i\u00e7in olduk\u00e7a \u00f6nemli.<\/p>\n<p>\u00c7al\u0131\u015fanlar a\u00e7\u0131s\u0131ndan insan merkezli yakla\u015f\u0131mlar\u0131 benimseyen \u015firketlere olan ba\u011fl\u0131l\u0131k daha y\u00fcksek. Sessiz i\u015fe al\u0131m gibi yetenek y\u00f6netimi yakla\u015f\u0131mlar\u0131 sayesinde \u015firketler kendi i\u00e7erisindeki potansiyeli fark edebiliyor. Ayn\u0131 zamanda da \u00e7al\u0131\u015fan motivasyonunu art\u0131rarak kariyer hedeflerine ula\u015fmalar\u0131n\u0131 sa\u011flayabiliyor. Desteklendi\u011fini hisseden \u00e7al\u0131\u015fanlar ise kurum k\u00fclt\u00fcr\u00fcne ba\u011fl\u0131 ve daha \u00fcretken ki\u015filer haline geliyor.<\/p>\n<p>\u00c7al\u0131\u015fan\u0131n kariyer geli\u015fiminin desteklenmesi d\u0131\u015f\u0131nda yedekleme ad\u0131n\u0131 verdi\u011fimiz, \u00f6nemli pozisyonlar i\u00e7in gerekli adaylar\u0131n belirlenerek kariyer planlamalar\u0131n\u0131n bu do\u011frultuda yap\u0131lmas\u0131 da kuruma ba\u011fl\u0131l\u0131\u011f\u0131 art\u0131r\u0131yor. Yedekleme sayesinde \u00e7al\u0131\u015fanlar adil bir \u015fekilde de\u011ferlendirildiklerini ve kariyerlerinde y\u00fckselebileceklerini g\u00f6r\u00fcyor. \u015eirketler ise kurum i\u00e7i y\u00fckseltmelerde kendileri i\u00e7in en uygun olan aday\u0131 kendi hedefleri do\u011frultusunda yeti\u015ftirme \u015fans\u0131 buluyor.<\/p>\n<p>Yap\u0131lacak olan planlamada dijital teknolojileri kullanmak daha etkili bir s\u00fcre\u00e7 y\u00f6netimi sa\u011flama avantaj\u0131na sahip. K\u00fcresel arenadaki \u00f6rnekleri analiz ederek geli\u015ftirdi\u011fimiz <a href=\"https:\/\/twiser.com\/tr\/urunler\/insan-kaynaklari-planlamasi\/?utm_source=mct&amp;utm_medium=blog&amp;utm_campaign=ik_planlama_2023\" target=\"_blank\" rel=\"noopener\"><em>\u0130nsan Kaynaklar\u0131 Planlama<\/em><\/a> \u00fcr\u00fcn\u00fcm\u00fczde insan kaynaklar\u0131 liderlerimizin ihtiya\u00e7lar\u0131na y\u00f6nelik mod\u00fcller ve \u00e7\u00f6z\u00fcmler yer almas\u0131n\u0131n sebebi de bu. Yetenek y\u00f6netimi uzmanlar\u0131n\u0131n \u00e7al\u0131\u015fanlar\u0131 organize etme s\u00fcre\u00e7lerinde pozisyonlara do\u011fru aday\u0131 yerle\u015ftirebilmesi i\u00e7in \u00fcr\u00fcnlerin s\u00fcrekli g\u00fcncel olmas\u0131na da \u00f6zen g\u00f6steriyoruz.<\/p>\n<h3>Yeni Nesil Stratejiler ile Gelece\u011fe Y\u00f6n Verebilirsin<\/h3>\n<p>\u00d6yleyse \u015firketler i\u00e7in bu kadar \u00f6nemli hale gelen yetenek y\u00f6netiminin yeni tan\u0131m\u0131 ne olabilir?<\/p>\n<p>Kurumsal hedefleriniz do\u011frultusunda do\u011fru yetene\u011fi bulmak, i\u015fe almak ve hem \u00e7al\u0131\u015fan hem de kurum i\u00e7in en etkili \u015fekilde o yetene\u011fin geli\u015fmesini sa\u011flayacak s\u00fcreci tasarlamak olarak tan\u0131mlamak m\u00fcmk\u00fcn. Bu s\u00fcreci do\u011fru ve hatas\u0131z bir \u015fekilde ilerletmek i\u00e7in de uzmanla\u015fmak \u00f6nemli.<\/p>\n<p>\u015eirkette bulunan herkesin hedefini bilmesi ve bu hedeflerin birbiri ile uyumlu olmas\u0131 \u015firketin ba\u015far\u0131ya giden yolu i\u00e7in olduk\u00e7a m\u00fchim. Bu noktada hedeflerin kalitesine de dikkat edilmesi gerekiyor. Hedefler ne kadar vizyoner? Yeterince geli\u015fime ve b\u00fcy\u00fcmeye a\u00e7\u0131k m\u0131? Uzun vadeli mi yoksa k\u0131sa vadeli hedeflerimiz mi var? \u0130\u015fte bunlar gibi sorular o hedeflerin kalitesini g\u00f6steriyor.<\/p>\n<p>Daha \u00f6nce de bahsetti\u011fim gibi yetenek y\u00f6netimi karma\u015f\u0131k bir yol. Bu y\u00fczden en ba\u015f\u0131ndan organize olmak ve planlara uymak gerekiyor. Yapay zeka destekli sistemimiz sayesinde \u00fcst y\u00f6netim <a href=\"https:\/\/twiser.com\/tr\/urunler\/okr-hedefler\/?utm_source=mct&amp;utm_medium=blog&amp;utm_campaign=2023\" target=\"_blank\" rel=\"noopener\">OKR<\/a>\u2019ler K\u00fcresel \u00f6rneklerden de beslenerek her bir \u00e7al\u0131\u015fan i\u00e7in \u00f6zelle\u015ftirilen OKR\u2019ler haline geliyor. B\u00f6ylelikle hem \u015firket hem de y\u00f6netici hedefleri k\u00fcresel kar\u015f\u0131l\u0131klar\u0131na denk gelecek \u015fekilde \u00e7al\u0131\u015fan OKR\u2019lerine d\u00f6n\u00fc\u015f\u00fcyor.<\/p>\n<p><img loading=\"lazy\" decoding=\"async\" class=\"wp-image-1548 alignleft\" src=\"https:\/\/insankaynaklarizirvesi.com\/wp-content\/uploads\/2023\/09\/AdobeStock_404388423-300x241.jpeg\" alt=\"\" width=\"526\" height=\"422\" srcset=\"https:\/\/insankaynaklarizirvesi.com\/wp-content\/uploads\/2023\/09\/AdobeStock_404388423-scaled-300x241.jpeg 300w, https:\/\/insankaynaklarizirvesi.com\/wp-content\/uploads\/2023\/09\/AdobeStock_404388423-scaled-600x481.jpeg 600w, https:\/\/insankaynaklarizirvesi.com\/wp-content\/uploads\/2023\/09\/AdobeStock_404388423-scaled-1024x821.jpeg 1024w, https:\/\/insankaynaklarizirvesi.com\/wp-content\/uploads\/2023\/09\/AdobeStock_404388423-scaled-75x60.jpeg 75w, https:\/\/insankaynaklarizirvesi.com\/wp-content\/uploads\/2023\/09\/AdobeStock_404388423-scaled-100x80.jpeg 100w, https:\/\/insankaynaklarizirvesi.com\/wp-content\/uploads\/2023\/09\/AdobeStock_404388423-scaled-50x40.jpeg 50w, https:\/\/insankaynaklarizirvesi.com\/wp-content\/uploads\/2023\/09\/AdobeStock_404388423-scaled-87x70.jpeg 87w, https:\/\/insankaynaklarizirvesi.com\/wp-content\/uploads\/2023\/09\/AdobeStock_404388423-scaled-400x321.jpeg 400w\" sizes=\"auto, (max-width: 526px) 100vw, 526px\" \/><\/p>\n<h5>Sava\u015ftan Sa\u011f \u00c7\u0131kmak \u0130\u00e7in Geli\u015fimi Te\u015fvik Et<\/h5>\n<p>G\u00fcn\u00fcm\u00fczde \u00e7al\u0131\u015fanlar da kendi istek ve planlar\u0131 do\u011frultusunda kendilerini geli\u015ftirerek kariyerlerinde y\u00fckselebilecekleri \u015firketleri tercih ediyorlar.<\/p>\n<p>Alan\u0131nda kendisini geli\u015ftirmek ve eksiklerini gidermek isteyen \u00e7al\u0131\u015fan\u0131 te\u015fvik eden \u015firketler bu sava\u015f\u0131n kazanan\u0131 olacak.<\/p>\n<p>Bir \u015firket olarak i\u015f ortam\u0131nda s\u00fcrekli geli\u015fmeyi destekleyen yap\u0131ya sahip olmak \u00e7al\u0131\u015fan motivasyonunu ve dolay\u0131s\u0131yla verimlili\u011fini art\u0131rmak i\u00e7in gerekli. \u00c7al\u0131\u015fan yetkinliklerinin s\u00fcrekli geli\u015fmesi yetenekli \u00e7al\u0131\u015fanlar\u0131 \u015firket b\u00fcnyesine dahil etmek ve kadrolar\u0131na yetkin ki\u015fileri yerle\u015ftirmek i\u00e7in de yap\u0131lmas\u0131 gereken \u015feylerden birisi.<\/p>\n<p>\u0130\u015f d\u00fcnyas\u0131ndan edindi\u011fim tecr\u00fcbeden hareketle \u015funu s\u00f6yleyebilirim ki geli\u015fim i\u00e7in adapte olmak \u015fart. \u00c7al\u0131\u015fan geli\u015fimini te\u015fvik eden \u015firketler \u00e7al\u0131\u015fanlar\u0131 i\u00e7in <a href=\"https:\/\/twiser.com\/tr\/urunler\/ogrenme-yonetim-sistemleri\/?utm_source=mct&amp;utm_medium=blog&amp;utm_campaign=lms_2023\" target=\"_blank\" rel=\"noopener\"><em>\u00d6\u011frenme Y\u00f6netim Sistemi<\/em><\/a> platformunu kullanarak bunu ba\u015farabilir. Bu platform ile kullan\u0131c\u0131lar\u0131n \u00f6\u011frenim s\u00fcrecini keyifli hale getirirken s\u00fcrekli geli\u015fmeye de a\u00e7\u0131k ve hevesli olmalar\u0131n\u0131 sa\u011fl\u0131yoruz.<\/p>\n<p><strong>Yenilik\u00e7i ve Kal\u0131c\u0131 \u00c7\u00f6z\u00fcmler<\/strong><\/p>\n<p>Kurum ve \u00e7al\u0131\u015fan aras\u0131ndaki kopukluk ba\u015far\u0131s\u0131z bir yetenek y\u00f6netiminin sonucudur ve zaman i\u00e7erisinde kurum k\u00fclt\u00fcr\u00fcne zarar verir. Bu da \u015firketi rakipleri kar\u015f\u0131s\u0131nda dezavantajl\u0131 bir konuma s\u00fcr\u00fckler. Twiser sistemlerini geli\u015ftirirken ve g\u00fcncellerken \u015firketlerin bu konuma gelmemesi i\u00e7in yenilik\u00e7i \u00e7\u00f6z\u00fcmler getirmeye \u00e7al\u0131\u015f\u0131yoruz.<\/p>\n<p>Farkl\u0131 sekt\u00f6rler i\u00e7in dijital \u00e7\u00f6z\u00fcmler \u00fcretirken trendleri takip etmemizin sebebi \u015firketlerin kendi hedefleri do\u011frultusunda \u00e7al\u0131\u015fanlar\u0131 ile birlikte emin ad\u0131mlarla ilerlemesini sa\u011flamak. Bu nedenle her sistemi yenilik\u00e7i bir bak\u0131\u015f a\u00e7\u0131s\u0131yla olu\u015fturuyoruz.<\/p>\n<p>Hem firma hem de \u00e7al\u0131\u015fan\u0131n istekleri do\u011frultusunda s\u00fcrekli g\u00fcncellenen hizmetler sunuyor, do\u011fru ki\u015finin do\u011fru yolda ilerlemesi i\u00e7in de\u011fi\u015fiyor ve geli\u015fiyoruz.<\/p>\n<p>&nbsp;<\/p>\n","protected":false},"excerpt":{"rendered":"<p>\u0130\u015f d\u00fcnyas\u0131ndaki yeni rekabetin ad\u0131 yetenek sava\u015flar\u0131. Peki, bu m\u00fckemmellik aray\u0131\u015f\u0131nda en iyi yetenekleri kim kazanacak? Teknoloji geli\u015ftik\u00e7e d\u00fcnya de\u011fi\u015fiyor. De\u011fi\u015fen d\u00fcnyaya ayak uydurmak i\u00e7in ise yeniliklere a\u00e7\u0131k olmam\u0131z gerekiyor. Her ge\u00e7en g\u00fcn d\u00f6n\u00fc\u015fen ve yerine bir yenisi eklenen i\u015f dinamiklerine uyum sa\u011flarken onunla birlikte de\u011fi\u015fmek gerekiyor. Sadece kurumsal ihtiya\u00e7lar da de\u011fil, \u00e7al\u0131\u015fanlar\u0131n istek ve&#8230;<\/p>\n","protected":false},"author":1,"featured_media":5930,"comment_status":"open","ping_status":"closed","sticky":false,"template":"","format":"standard","meta":{"_acf_changed":false,"footnotes":""},"categories":[65,66],"tags":[],"class_list":["post-5928","post","type-post","status-publish","format-standard","has-post-thumbnail","hentry","category-sponsor-icerigi","category-yetenek"],"acf":[],"_links":{"self":[{"href":"https:\/\/insankaynaklarizirvesi.com\/en\/wp-json\/wp\/v2\/posts\/5928","targetHints":{"allow":["GET"]}}],"collection":[{"href":"https:\/\/insankaynaklarizirvesi.com\/en\/wp-json\/wp\/v2\/posts"}],"about":[{"href":"https:\/\/insankaynaklarizirvesi.com\/en\/wp-json\/wp\/v2\/types\/post"}],"author":[{"embeddable":true,"href":"https:\/\/insankaynaklarizirvesi.com\/en\/wp-json\/wp\/v2\/users\/1"}],"replies":[{"embeddable":true,"href":"https:\/\/insankaynaklarizirvesi.com\/en\/wp-json\/wp\/v2\/comments?post=5928"}],"version-history":[{"count":0,"href":"https:\/\/insankaynaklarizirvesi.com\/en\/wp-json\/wp\/v2\/posts\/5928\/revisions"}],"wp:featuredmedia":[{"embeddable":true,"href":"https:\/\/insankaynaklarizirvesi.com\/en\/wp-json\/wp\/v2\/media\/5930"}],"wp:attachment":[{"href":"https:\/\/insankaynaklarizirvesi.com\/en\/wp-json\/wp\/v2\/media?parent=5928"}],"wp:term":[{"taxonomy":"category","embeddable":true,"href":"https:\/\/insankaynaklarizirvesi.com\/en\/wp-json\/wp\/v2\/categories?post=5928"},{"taxonomy":"post_tag","embeddable":true,"href":"https:\/\/insankaynaklarizirvesi.com\/en\/wp-json\/wp\/v2\/tags?post=5928"}],"curies":[{"name":"wp","href":"https:\/\/api.w.org\/{rel}","templated":true}]}}