{"id":5931,"date":"2023-09-18T12:54:46","date_gmt":"2023-09-18T12:54:46","guid":{"rendered":"https:\/\/insankaynaklarizirvesi.com\/kuruma-ozellestirilmis-yetenek-tanimi\/"},"modified":"2023-09-18T12:54:46","modified_gmt":"2023-09-18T12:54:46","slug":"kuruma-ozellestirilmis-yetenek-tanimi","status":"publish","type":"post","link":"https:\/\/insankaynaklarizirvesi.com\/en\/kuruma-ozellestirilmis-yetenek-tanimi\/","title":{"rendered":"Kuruma \u00d6zelle\u015ftirilmi\u015f Yetenek Tan\u0131m\u0131"},"content":{"rendered":"<p><span style=\"font-weight: 400;\">G\u00fcn\u00fcm\u00fcz i\u015f d\u00fcnyas\u0131, s\u00fcrekli bir de\u011fi\u015fim ve rekabet ortam\u0131n\u0131n i\u00e7inde varl\u0131k g\u00f6steriyor. Bu dinamizm, organizasyonlar\u0131n sadece hayatta kalmakla kalmay\u0131p ayn\u0131 zamanda b\u00fcy\u00fcmeyi ve geli\u015fmeyis\u00fcrd\u00fcrebilmeleri i\u00e7in do\u011fru yetenekleri \u00e7ekme ve s\u00fcrd\u00fcrme ihtiyac\u0131n\u0131 beraberinde getiriyor. \u0130\u015fte bu noktada &#8220;kuruma \u00f6zelle\u015ftirilmi\u015f yetenek tan\u0131m\u0131&#8221; kavram\u0131 devreye giriyor.<\/span><b><\/b><\/p>\n<ul>\n<li aria-level=\"1\"><b>Yetenek Y\u00f6netiminin \u00d6nemi: <\/b><span style=\"font-weight: 400;\">G\u00fcn\u00fcm\u00fcz i\u015f d\u00fcnyas\u0131nda ba\u015far\u0131l\u0131 olman\u0131n anahtar\u0131, organizasyonlar\u0131n do\u011fru yetenekleri nas\u0131l \u00e7ekeceklerini, tan\u0131mlayacaklar\u0131n\u0131, geli\u015ftireceklerini ve s\u00fcrd\u00fcreceklerini bilmesinden ge\u00e7iyor. Bu, yetenek y\u00f6netimi olarak adland\u0131r\u0131lan s\u00fcrecin merkezindedir. Yetenek y\u00f6netimi, organizasyonlar\u0131n hedeflerine ula\u015fmas\u0131na yard\u0131mc\u0131 olacak do\u011fru yetenekleri \u00e7ekmek, tan\u0131mlamak, geli\u015ftirmek ve s\u00fcrd\u00fcrmek anlam\u0131na gelir.<\/span><\/li>\n<li aria-level=\"1\"><b>Kuruma \u00d6zelle\u015ftirilmi\u015f Yetenek Tan\u0131m\u0131: <\/b><span style=\"font-weight: 400;\">Kuruma \u00f6zelle\u015ftirilmi\u015f yetenek tan\u0131m\u0131, organizasyonlar\u0131n ama\u00e7lar\u0131na ve ihtiya\u00e7lar\u0131na uygun olarak yetenekleri belirlemeyi i\u00e7erir. Bu, organizasyonun hangi yeteneklere ihtiya\u00e7 duydu\u011funu ve hangi pozisyonlarda hangi \u00f6zelliklerin gerekti\u011fini netle\u015ftirir. \u00d6rne\u011fin, bir teknoloji \u015firketi i\u00e7in yaz\u0131l\u0131m geli\u015ftirme yetenekleri kritik olabilirken, bir perakende \u015firketi i\u00e7in m\u00fc\u015fteri ili\u015fkileri becerileri \u00f6ncelikli olabilir. Kuruma \u00f6zelle\u015ftirilmi\u015f yetenek tan\u0131m\u0131, organizasyonun hangi yetenekleri arad\u0131\u011f\u0131n\u0131 ve bu yetenekleri nereden bulaca\u011f\u0131n\u0131 belirlemesine yard\u0131mc\u0131 olur.<\/span><\/li>\n<li aria-level=\"1\"><b>Sekt\u00f6re G\u00f6re Farkl\u0131l\u0131k: <\/b><span style=\"font-weight: 400;\">Her sekt\u00f6r, farkl\u0131 yeteneklere ihtiya\u00e7 duyar. \u00d6rne\u011fin, finans sekt\u00f6r\u00fc analitik d\u00fc\u015f\u00fcnme becerilerini ve finansal verileri analiz etme yetene\u011fini \u00f6nemserken, teknoloji sekt\u00f6r\u00fc s\u00fcrekli \u00f6\u011frenmeye a\u00e7\u0131k ve yenilik\u00e7i \u00e7al\u0131\u015fanlar\u0131 tercih edebilir. Bu nedenle, kuruma \u00f6zelle\u015ftirilmi\u015f yetenek tan\u0131m\u0131 sekt\u00f6re g\u00f6re de\u011fi\u015fkenlik g\u00f6sterebilir. Ayn\u0131 sekt\u00f6rdeki farkl\u0131 organizasyonlar bile farkl\u0131 yeteneklere vurgu yapabilir.<\/span><\/li>\n<li aria-level=\"1\"><b>Kurum K\u00fclt\u00fcr\u00fc ve Yetenek Uyumu: <\/b><span style=\"font-weight: 400;\">Organizasyonlar\u0131n ba\u015far\u0131s\u0131, sadece do\u011fru yetenekleri \u00e7ekmekle de\u011fil, ayn\u0131 zamanda bu yeteneklerin kurum k\u00fclt\u00fcr\u00fc ile uyumlu olmas\u0131yla da \u00f6l\u00e7\u00fcl\u00fcr. Bir organizasyonun k\u00fclt\u00fcr\u00fc, o organizasyonun de\u011ferlerini, i\u015f yapma \u015feklini ve \u00e7al\u0131\u015fanlar\u0131n davran\u0131\u015flar\u0131n\u0131 \u015fekillendirir. Do\u011fru uyum yakaland\u0131\u011f\u0131nda, \u00e7al\u0131\u015fanlar daha motive olur ve daha y\u00fcksek performans sergilerler. Ayr\u0131ca, kurum k\u00fclt\u00fcr\u00fc ile uyumlu yetenekler, uzun vadeli \u00e7al\u0131\u015fan sadakati yarat\u0131r.<\/span><\/li>\n<li aria-level=\"1\"><b>Esneklik ve \u00d6zg\u00fcrl\u00fck: <\/b><span style=\"font-weight: 400;\">\u00d6zelle\u015ftirilmi\u015f yetenek tan\u0131m\u0131, esnekli\u011fi ve \u00f6zg\u00fcrl\u00fc\u011f\u00fc te\u015fvik eder. Yetenekler, belirli bir kal\u0131ba s\u0131k\u0131\u015ft\u0131r\u0131lmadan daha yarat\u0131c\u0131 ve farkl\u0131 kombinasyonlara a\u00e7\u0131k olmal\u0131d\u0131r. \u00d6zellikle ni\u015f sekt\u00f6rlerde, her organizasyon kendine \u00f6zg\u00fc yetenek profillerini olu\u015fturabilir. \u00d6zg\u00fcr bir d\u00fc\u015f\u00fcnce tarz\u0131, organizasyonlar\u0131n inovasyonu te\u015fvik etmesine ve de\u011fi\u015fen ko\u015fullara daha h\u0131zl\u0131 uyum sa\u011flamas\u0131na yard\u0131mc\u0131 olur.<\/span><\/li>\n<\/ul>\n<p><span style=\"font-weight: 400;\">Sonu\u00e7 olarak, kuruma \u00f6zelle\u015ftirilmi\u015f yetenek tan\u0131m\u0131, organizasyonlar\u0131n gelece\u011fini belirlemek ve s\u00fcrd\u00fcrmek i\u00e7in kritik bir unsurdur. Do\u011fru yetenekleri \u00e7ekmek ve s\u00fcrd\u00fcrmek, organizasyonlar\u0131n rekabet avantaj\u0131n\u0131 korumas\u0131na yard\u0131mc\u0131 olur. Ayr\u0131ca, organizasyonun k\u00fclt\u00fcr\u00fc ile uyumlu yetenekler, \u00e7al\u0131\u015fanlar\u0131n motivasyonunu art\u0131r\u0131r ve performanslar\u0131n\u0131 olumlu y\u00f6nde etkiler. Bu nedenle, organizasyonlar yetenek y\u00f6netimine ve kuruma \u00f6zelle\u015ftirilmi\u015f yetenek tan\u0131m\u0131na gereken \u00f6nemi vermeli ve bu alanda s\u00fcrekli geli\u015fime a\u00e7\u0131k olmal\u0131d\u0131r. Gelecekteki ba\u015far\u0131lar\u0131n\u0131 \u015fekillendirecek yetenekleri \u00e7ekmek ve s\u00fcrd\u00fcrmek i\u00e7in do\u011fru stratejileri olu\u015fturmal\u0131d\u0131rlar.<\/span><\/p>\n","protected":false},"excerpt":{"rendered":"<p>G\u00fcn\u00fcm\u00fcz i\u015f d\u00fcnyas\u0131, s\u00fcrekli bir de\u011fi\u015fim ve rekabet ortam\u0131n\u0131n i\u00e7inde varl\u0131k g\u00f6steriyor. Bu dinamizm, organizasyonlar\u0131n sadece hayatta kalmakla kalmay\u0131p ayn\u0131 zamanda b\u00fcy\u00fcmeyi ve geli\u015fmeyis\u00fcrd\u00fcrebilmeleri i\u00e7in do\u011fru yetenekleri \u00e7ekme ve s\u00fcrd\u00fcrme ihtiyac\u0131n\u0131 beraberinde getiriyor. \u0130\u015fte bu noktada &#8220;kuruma \u00f6zelle\u015ftirilmi\u015f yetenek tan\u0131m\u0131&#8221; kavram\u0131 devreye giriyor. Yetenek Y\u00f6netiminin \u00d6nemi: G\u00fcn\u00fcm\u00fcz i\u015f d\u00fcnyas\u0131nda ba\u015far\u0131l\u0131 olman\u0131n anahtar\u0131, organizasyonlar\u0131n do\u011fru yetenekleri&#8230;<\/p>\n","protected":false},"author":1,"featured_media":5932,"comment_status":"open","ping_status":"closed","sticky":false,"template":"","format":"standard","meta":{"_acf_changed":false,"footnotes":""},"categories":[66],"tags":[],"class_list":["post-5931","post","type-post","status-publish","format-standard","has-post-thumbnail","hentry","category-yetenek"],"acf":[],"_links":{"self":[{"href":"https:\/\/insankaynaklarizirvesi.com\/en\/wp-json\/wp\/v2\/posts\/5931","targetHints":{"allow":["GET"]}}],"collection":[{"href":"https:\/\/insankaynaklarizirvesi.com\/en\/wp-json\/wp\/v2\/posts"}],"about":[{"href":"https:\/\/insankaynaklarizirvesi.com\/en\/wp-json\/wp\/v2\/types\/post"}],"author":[{"embeddable":true,"href":"https:\/\/insankaynaklarizirvesi.com\/en\/wp-json\/wp\/v2\/users\/1"}],"replies":[{"embeddable":true,"href":"https:\/\/insankaynaklarizirvesi.com\/en\/wp-json\/wp\/v2\/comments?post=5931"}],"version-history":[{"count":0,"href":"https:\/\/insankaynaklarizirvesi.com\/en\/wp-json\/wp\/v2\/posts\/5931\/revisions"}],"wp:featuredmedia":[{"embeddable":true,"href":"https:\/\/insankaynaklarizirvesi.com\/en\/wp-json\/wp\/v2\/media\/5932"}],"wp:attachment":[{"href":"https:\/\/insankaynaklarizirvesi.com\/en\/wp-json\/wp\/v2\/media?parent=5931"}],"wp:term":[{"taxonomy":"category","embeddable":true,"href":"https:\/\/insankaynaklarizirvesi.com\/en\/wp-json\/wp\/v2\/categories?post=5931"},{"taxonomy":"post_tag","embeddable":true,"href":"https:\/\/insankaynaklarizirvesi.com\/en\/wp-json\/wp\/v2\/tags?post=5931"}],"curies":[{"name":"wp","href":"https:\/\/api.w.org\/{rel}","templated":true}]}}