{"id":5933,"date":"2023-09-18T12:50:10","date_gmt":"2023-09-18T12:50:10","guid":{"rendered":"https:\/\/insankaynaklarizirvesi.com\/surdurulebilirlik-endeksi-ve-yatirimlarda-gelecegin-anahtari\/"},"modified":"2023-09-18T12:50:10","modified_gmt":"2023-09-18T12:50:10","slug":"surdurulebilirlik-endeksi-ve-yatirimlarda-gelecegin-anahtari","status":"publish","type":"post","link":"https:\/\/insankaynaklarizirvesi.com\/en\/surdurulebilirlik-endeksi-ve-yatirimlarda-gelecegin-anahtari\/","title":{"rendered":"S\u00fcrd\u00fcr\u00fclebilirlik Endeksi ve Yat\u0131r\u0131mlarda Gelece\u011fin Anahtar\u0131"},"content":{"rendered":"<p><span style=\"font-weight: 400;\">G\u00fcn\u00fcm\u00fczde, yat\u0131r\u0131m d\u00fcnyas\u0131 giderek daha fazla s\u00fcrd\u00fcr\u00fclebilirlik odakl\u0131 hale gelmektedir. Yat\u0131r\u0131mc\u0131lar art\u0131k sadece finansal getirilere odaklanmak yerine, \u00e7evresel, sosyal ve y\u00f6neti\u015fim (\u00c7SY) fakt\u00f6rlerini de de\u011ferlendirmekte ve s\u00fcrd\u00fcr\u00fclebilirlik endeksleri bu de\u011fi\u015fimin \u00f6nemli bir par\u00e7as\u0131 haline gelmi\u015ftir. Bu yaz\u0131da, s\u00fcrd\u00fcr\u00fclebilirlik endekslerinin ne oldu\u011funu, neden \u00f6nemli olduklar\u0131n\u0131 ve yat\u0131r\u0131mc\u0131lar i\u00e7in neden gelece\u011fin anahtar\u0131 olabilece\u011fini inceleyece\u011fiz.<\/span><\/p>\n<p><b>S\u00fcrd\u00fcr\u00fclebilirlik Endeksi Nedir?<\/b><\/p>\n<p><span style=\"font-weight: 400;\">S\u00fcrd\u00fcr\u00fclebilirlik endeksleri, bir borsan\u0131n veya piyasan\u0131n en y\u00fcksek piyasa de\u011ferine sahip \u015firketlerin s\u00fcrd\u00fcr\u00fclebilirlik performans\u0131n\u0131 \u00f6l\u00e7mek i\u00e7in kullan\u0131lan ara\u00e7lard\u0131r. \u00d6zellikle Borsa \u0130stanbul&#8217;da, bu endeksler s\u0131kl\u0131kla kullan\u0131lmaktad\u0131r. Endeksler, \u015firketlerin \u00e7evresel etki, sosyal sorumluluk ve kurumsal y\u00f6netim alanlar\u0131ndaki performanslar\u0131n\u0131 de\u011ferlendirir ve bu performanslar\u0131 bir puanlama sistemine tabi tutar. Bu sayede yat\u0131r\u0131mc\u0131lar, s\u00fcrd\u00fcr\u00fclebilirlik odakl\u0131 \u015firketleri kolayca tan\u0131mlayabilir ve yat\u0131r\u0131m kararlar\u0131n\u0131 daha bilin\u00e7li bir \u015fekilde verebilirler.<\/span><\/p>\n<p><b>S\u00fcrd\u00fcr\u00fclebilirlik Endekslerinin \u00d6nemi<\/b><\/p>\n<p><img loading=\"lazy\" decoding=\"async\" class=\"wp-image-1521 alignleft\" src=\"https:\/\/insankaynaklarizirvesi.com\/wp-content\/uploads\/2023\/09\/AdobeStock_71591926-300x200.jpeg\" alt=\"\" width=\"515\" height=\"343\" srcset=\"https:\/\/insankaynaklarizirvesi.com\/wp-content\/uploads\/2023\/09\/AdobeStock_71591926-scaled-300x200.jpeg 300w, https:\/\/insankaynaklarizirvesi.com\/wp-content\/uploads\/2023\/09\/AdobeStock_71591926-scaled-600x400.jpeg 600w, https:\/\/insankaynaklarizirvesi.com\/wp-content\/uploads\/2023\/09\/AdobeStock_71591926-scaled-1024x683.jpeg 1024w, https:\/\/insankaynaklarizirvesi.com\/wp-content\/uploads\/2023\/09\/AdobeStock_71591926-scaled-90x60.jpeg 90w, https:\/\/insankaynaklarizirvesi.com\/wp-content\/uploads\/2023\/09\/AdobeStock_71591926-scaled-120x80.jpeg 120w, https:\/\/insankaynaklarizirvesi.com\/wp-content\/uploads\/2023\/09\/AdobeStock_71591926-scaled-60x40.jpeg 60w, https:\/\/insankaynaklarizirvesi.com\/wp-content\/uploads\/2023\/09\/AdobeStock_71591926-scaled-105x70.jpeg 105w, https:\/\/insankaynaklarizirvesi.com\/wp-content\/uploads\/2023\/09\/AdobeStock_71591926-scaled-400x267.jpeg 400w\" sizes=\"auto, (max-width: 515px) 100vw, 515px\" \/><\/p>\n<p><span style=\"font-weight: 400;\">S\u00fcrd\u00fcr\u00fclebilirlik endeksleri, yat\u0131r\u0131mc\u0131lar\u0131n finansal getiri d\u0131\u015f\u0131nda, \u00e7evresel ve sosyal etkileri de g\u00f6z \u00f6n\u00fcnde bulundurmalar\u0131na yard\u0131mc\u0131 olur. Bu endeksler, \u015firketlerin sadece kar elde etme ama\u00e7lar\u0131na odaklanmayan, ayn\u0131 zamanda gezegen ve toplum i\u00e7in olumlu etkiler yaratma amac\u0131n\u0131 ta\u015f\u0131d\u0131klar\u0131n\u0131 g\u00f6sterir. Bu da uzun vadeli bir refah yaratma stratejisinin par\u00e7as\u0131d\u0131r.<\/span><\/p>\n<p><b>S\u00fcrd\u00fcr\u00fclebilir Yat\u0131r\u0131m\u0131n \u00d6nemi<\/b><\/p>\n<p><span style=\"font-weight: 400;\">S\u00fcrd\u00fcr\u00fclebilir yat\u0131r\u0131m, yat\u0131r\u0131mc\u0131lar\u0131n sadece k\u00e2r hedeflemeyen, ayn\u0131 zamanda pozitif \u00e7evresel ve sosyal etkilere sahip \u015firketlere yat\u0131r\u0131m yapma stratejisidir. Yat\u0131r\u0131mc\u0131lar\u0131n %79&#8217;u s\u00fcrd\u00fcr\u00fclebilir yat\u0131r\u0131m yapmaya \u00e7al\u0131\u015fmaktad\u0131r ve bu strateji ekonomik krizlere kar\u015f\u0131 daha diren\u00e7li olabilece\u011fini g\u00f6stermektedir. \u00d6zellikle s\u00fcrd\u00fcr\u00fclebilirlik endekslerine uyan \u015firketlerin krizler s\u0131ras\u0131nda daha dayan\u0131kl\u0131 oldu\u011funa dair istatistikler mevcuttur. Bu, \u00e7evresel, sosyal ve y\u00f6neti\u015fim fakt\u00f6rlerine dayal\u0131 yat\u0131r\u0131m\u0131n gelecekte daha da \u00f6nem kazanabilece\u011fini g\u00f6stermektedir.<\/span><\/p>\n<p>&nbsp;<\/p>\n<p>&nbsp;<\/p>\n<p><b>S\u00fcrd\u00fcr\u00fclebilirlik Endekslerine Uyum<\/b><\/p>\n<p><span style=\"font-weight: 400;\">S\u00fcrd\u00fcr\u00fclebilirlik endekslerine dahil olabilmek i\u00e7in, \u015firketlerin \u00e7evresel, sosyal ve y\u00f6neti\u015fim kriterlerini kar\u015f\u0131lamalar\u0131 gerekmektedir. Bu kriterler aras\u0131nda \u00e7evreyle ilgili \u00e7al\u0131\u015fmalar, sosyal sorumluluk, insan haklar\u0131na sayg\u0131 ve kurumsal y\u00f6netim standartlar\u0131 bulunur. \u015eirketler, bu kriterlere uygunlu\u011funu a\u00e7\u0131klamal\u0131 ve izlemelidir. Ayr\u0131ca, insan kaynaklar\u0131 politikalar\u0131 da \u00f6nemlidir, \u00e7\u00fcnk\u00fc istihdam ve \u00e7al\u0131\u015fan haklar\u0131 da s\u00fcrd\u00fcr\u00fclebilirlik endekslerinin bir par\u00e7as\u0131n\u0131 olu\u015fturur.<\/span><\/p>\n<p><b>Sonu\u00e7<\/b><\/p>\n<p><span style=\"font-weight: 400;\">S\u00fcrd\u00fcr\u00fclebilirlik endeksleri, yat\u0131r\u0131mc\u0131lar\u0131n finansal getiri d\u0131\u015f\u0131nda, \u00e7evresel ve sosyal etkileri de de\u011ferlendirmelerine olanak tan\u0131r. Bu endeksler, s\u00fcrd\u00fcr\u00fclebilirlik odakl\u0131 \u015firketleri tan\u0131mlamak ve desteklemek i\u00e7in kullan\u0131l\u0131r. S\u00fcrd\u00fcr\u00fclebilir yat\u0131r\u0131m, gelecekteki ekonomik belirsizliklere kar\u015f\u0131 daha diren\u00e7li bir strateji olabilir ve yat\u0131r\u0131mc\u0131lar i\u00e7in \u00f6nemli bir ara\u00e7t\u0131r. Bu nedenle, s\u00fcrd\u00fcr\u00fclebilirlik endekslerine odaklanan yat\u0131r\u0131m stratejileri, gelece\u011fin anahtarlar\u0131ndan biri olabilir. Yat\u0131r\u0131mc\u0131lar, sadece finansal getirileri de\u011fil, ayn\u0131 zamanda gezegen ve toplum i\u00e7in olumlu etkileri g\u00f6z \u00f6n\u00fcnde bulundurarak yat\u0131r\u0131m yapman\u0131n yollar\u0131n\u0131 aramal\u0131d\u0131r.<\/span><\/p>\n","protected":false},"excerpt":{"rendered":"<p>G\u00fcn\u00fcm\u00fczde, yat\u0131r\u0131m d\u00fcnyas\u0131 giderek daha fazla s\u00fcrd\u00fcr\u00fclebilirlik odakl\u0131 hale gelmektedir. Yat\u0131r\u0131mc\u0131lar art\u0131k sadece finansal getirilere odaklanmak yerine, \u00e7evresel, sosyal ve y\u00f6neti\u015fim (\u00c7SY) fakt\u00f6rlerini de de\u011ferlendirmekte ve s\u00fcrd\u00fcr\u00fclebilirlik endeksleri bu de\u011fi\u015fimin \u00f6nemli bir par\u00e7as\u0131 haline gelmi\u015ftir. Bu yaz\u0131da, s\u00fcrd\u00fcr\u00fclebilirlik endekslerinin ne oldu\u011funu, neden \u00f6nemli olduklar\u0131n\u0131 ve yat\u0131r\u0131mc\u0131lar i\u00e7in neden gelece\u011fin anahtar\u0131 olabilece\u011fini inceleyece\u011fiz. S\u00fcrd\u00fcr\u00fclebilirlik Endeksi Nedir?&#8230;<\/p>\n","protected":false},"author":1,"featured_media":5934,"comment_status":"open","ping_status":"closed","sticky":false,"template":"","format":"standard","meta":{"_acf_changed":false,"footnotes":""},"categories":[67],"tags":[],"class_list":["post-5933","post","type-post","status-publish","format-standard","has-post-thumbnail","hentry","category-surdurulebilirlik"],"acf":[],"_links":{"self":[{"href":"https:\/\/insankaynaklarizirvesi.com\/en\/wp-json\/wp\/v2\/posts\/5933","targetHints":{"allow":["GET"]}}],"collection":[{"href":"https:\/\/insankaynaklarizirvesi.com\/en\/wp-json\/wp\/v2\/posts"}],"about":[{"href":"https:\/\/insankaynaklarizirvesi.com\/en\/wp-json\/wp\/v2\/types\/post"}],"author":[{"embeddable":true,"href":"https:\/\/insankaynaklarizirvesi.com\/en\/wp-json\/wp\/v2\/users\/1"}],"replies":[{"embeddable":true,"href":"https:\/\/insankaynaklarizirvesi.com\/en\/wp-json\/wp\/v2\/comments?post=5933"}],"version-history":[{"count":0,"href":"https:\/\/insankaynaklarizirvesi.com\/en\/wp-json\/wp\/v2\/posts\/5933\/revisions"}],"wp:featuredmedia":[{"embeddable":true,"href":"https:\/\/insankaynaklarizirvesi.com\/en\/wp-json\/wp\/v2\/media\/5934"}],"wp:attachment":[{"href":"https:\/\/insankaynaklarizirvesi.com\/en\/wp-json\/wp\/v2\/media?parent=5933"}],"wp:term":[{"taxonomy":"category","embeddable":true,"href":"https:\/\/insankaynaklarizirvesi.com\/en\/wp-json\/wp\/v2\/categories?post=5933"},{"taxonomy":"post_tag","embeddable":true,"href":"https:\/\/insankaynaklarizirvesi.com\/en\/wp-json\/wp\/v2\/tags?post=5933"}],"curies":[{"name":"wp","href":"https:\/\/api.w.org\/{rel}","templated":true}]}}